{"id":48,"date":"2013-04-05T11:36:11","date_gmt":"2013-04-05T11:36:11","guid":{"rendered":"http:\/\/tastaturkind.ch\/?p=48"},"modified":"2013-04-05T11:36:11","modified_gmt":"2013-04-05T11:36:11","slug":"kalt","status":"publish","type":"post","link":"https:\/\/oliver-frick.ch\/wordpress\/index.php\/2013\/04\/05\/kalt\/","title":{"rendered":"KKKK.. Kalt!"},"content":{"rendered":"<p>Bin draussen, und es ist mal wieder ziemlich kalt!<\/p>\n<p>Habe gestern nach rund einem Jahr Pause mal wieder einen K Punkt Kultur gemacht. Lief eigentlich ganz ok, bis auf ein paar technische Details &#8211; ein Fader klemmte ein bisschen, was recht st\u00f6ren kann, weil ich den ja &#8222;blind&#8220; bediene und das Gef\u00fchl dann halt einfach nicht stimmt. Hmm ja und ein Beitrag war gut eine Minute k\u00fcrzer als angeschrieben (Minidisc) &#8211; klassischer Fehler, ich weiss: Beitr\u00e4ge immer vorh\u00f6ren und vor allem bei Schnupperprakties doppelt kontrollieren \ud83d\ude09<\/p>\n<p>Abgesehen davon und dem \u00fcblichen &#8222;welcher Jingle ist denn nun der aktuelle?&#8220; aber eine problemlose Sendung gehabt&#8230;<\/p>\n<p><a href=\"http:\/\/tastaturkind.ch\/wordpress_6\/wp-content\/uploads\/2013\/04\/0C8CDB88-2420-4C83-A5EF-A79DACBD15150.jpg\"><img loading=\"lazy\" decoding=\"async\" style=\"margin: 5px;\" alt=\"\" src=\"http:\/\/tastaturkind.ch\/wordpress_6\/wp-content\/uploads\/2013\/04\/0C8CDB88-2420-4C83-A5EF-A79DACBD15150.jpg\" width=\"281\" height=\"210\" border=\"0\" \/><\/a><a href=\"http:\/\/tastaturkind.ch\/wordpress_6\/wp-content\/uploads\/2013\/04\/C60C6708-A3BC-4AC4-9AAB-92388C04208B1.jpg\"><img loading=\"lazy\" decoding=\"async\" style=\"margin: 5px;\" alt=\"\" src=\"http:\/\/tastaturkind.ch\/wordpress_6\/wp-content\/uploads\/2013\/04\/C60C6708-A3BC-4AC4-9AAB-92388C04208B1.jpg\" width=\"210\" height=\"281\" border=\"0\" \/><\/a><\/p>\n","protected":false},"excerpt":{"rendered":"<p>Bin draussen, und es ist mal wieder ziemlich kalt! Habe gestern nach rund einem Jahr Pause mal wieder einen K Punkt Kultur gemacht. Lief eigentlich ganz ok, bis auf ein paar technische Details &#8211; ein Fader klemmte ein bisschen, was &hellip; <a href=\"https:\/\/oliver-frick.ch\/wordpress\/index.php\/2013\/04\/05\/kalt\/\">Weiterlesen <span class=\"meta-nav\">&rarr;<\/span><\/a><\/p>\n","protected":false},"author":1,"featured_media":0,"comment_status":"closed","ping_status":"open","sticky":false,"template":"","format":"standard","meta":{"footnotes":""},"categories":[],"tags":[],"class_list":["post-48","post","type-post","status-publish","format-standard","hentry"],"_links":{"self":[{"href":"https:\/\/oliver-frick.ch\/wordpress\/index.php\/wp-json\/wp\/v2\/posts\/48","targetHints":{"allow":["GET"]}}],"collection":[{"href":"https:\/\/oliver-frick.ch\/wordpress\/index.php\/wp-json\/wp\/v2\/posts"}],"about":[{"href":"https:\/\/oliver-frick.ch\/wordpress\/index.php\/wp-json\/wp\/v2\/types\/post"}],"author":[{"embeddable":true,"href":"https:\/\/oliver-frick.ch\/wordpress\/index.php\/wp-json\/wp\/v2\/users\/1"}],"replies":[{"embeddable":true,"href":"https:\/\/oliver-frick.ch\/wordpress\/index.php\/wp-json\/wp\/v2\/comments?post=48"}],"version-history":[{"count":0,"href":"https:\/\/oliver-frick.ch\/wordpress\/index.php\/wp-json\/wp\/v2\/posts\/48\/revisions"}],"wp:attachment":[{"href":"https:\/\/oliver-frick.ch\/wordpress\/index.php\/wp-json\/wp\/v2\/media?parent=48"}],"wp:term":[{"taxonomy":"category","embeddable":true,"href":"https:\/\/oliver-frick.ch\/wordpress\/index.php\/wp-json\/wp\/v2\/categories?post=48"},{"taxonomy":"post_tag","embeddable":true,"href":"https:\/\/oliver-frick.ch\/wordpress\/index.php\/wp-json\/wp\/v2\/tags?post=48"}],"curies":[{"name":"wp","href":"https:\/\/api.w.org\/{rel}","templated":true}]}}