{"id":212,"date":"2013-03-23T13:02:27","date_gmt":"2013-03-23T13:02:27","guid":{"rendered":"http:\/\/tastaturkind.ch\/wordpress_6\/?p=5"},"modified":"2013-03-23T13:02:27","modified_gmt":"2013-03-23T13:02:27","slug":"hello-world-2","status":"publish","type":"post","link":"https:\/\/oliver-frick.ch\/wordpress\/index.php\/2013\/03\/23\/hello-world-2\/","title":{"rendered":"Hello World!"},"content":{"rendered":"<p>Also&#8230;  der klassische Anfang, oder?<\/p>\n<p>So habe ich mich also entschlossen, wieder einen Blog zu schreiben. Ich versuche mich genau zu erinnern, aber der letzte eigene &#8211; das m\u00fcsste wohl so zwischen 2003 und 2005 gewesen sein. Den hatte ich dann gel\u00f6scht und mehr schlecht als recht meine Website gelegentlich aktualisiert, wobei ja auch die nicht wirklich viel \u00fcber mich enth\u00e4lt. Ist mehr eine Art Speicherplatz geworden&#8230;<\/p>\n<p>Nun gut, aber heutzutage kann man ja wirklich komfortabel bloggen mit dem iPad zum Beispiel. Ich verwende gerade BlogPress und bin ganz zufrieden damit.<\/p>\n<p>Heute Samstag war ich erstmal unspektakul\u00e4r mit dem Hund spazieren. Hatte das Telefon dabei und mich gewundert, wie es m\u00f6glich ist, dass der Akku in 2 Stunden von 100 auf 60 Prozent runtergehen kann. Es zeigte manchmal an, die Datenverbindung sei weg, und so vermute ich, lag&#8217;s wohl am Netzwerk.<\/p>\n<p>Nun wieder zu Hause, Termin abgemacht n\u00e4chste Woche Donnerstag f\u00fcr die Rechnungsrevision. Hoffe, die eingeplanten zwei Stunden reichen :-\/<br \/>\nIm Moment ist sowieso alles immer knapp fertig, aber immerhin noch p\u00fcnktlich, so what&#8230;.<\/p>\n<p>Dann muss ich noch einen Pass bestellen und Hotels checken f\u00fcr New York im Mai! Ich freu mich schon wie verr\u00fcckt, wird sicher cool.<\/p>\n<p>So, das w\u00e4rs mal f\u00fcr den ersten Artikel, w\u00fcrde ich meinen. See you, mein Blog!<\/p>\n<p><\/p>\n","protected":false},"excerpt":{"rendered":"<p>Also&#8230; der klassische Anfang, oder? So habe ich mich also entschlossen, wieder einen Blog zu schreiben. Ich versuche mich genau zu erinnern, aber der letzte eigene &#8211; das m\u00fcsste wohl so zwischen 2003 und 2005 gewesen sein. Den hatte ich &hellip; <a href=\"https:\/\/oliver-frick.ch\/wordpress\/index.php\/2013\/03\/23\/hello-world-2\/\">Weiterlesen <span class=\"meta-nav\">&rarr;<\/span><\/a><\/p>\n","protected":false},"author":1,"featured_media":0,"comment_status":"closed","ping_status":"open","sticky":false,"template":"","format":"standard","meta":{"footnotes":""},"categories":[],"tags":[],"class_list":["post-212","post","type-post","status-publish","format-standard","hentry"],"_links":{"self":[{"href":"https:\/\/oliver-frick.ch\/wordpress\/index.php\/wp-json\/wp\/v2\/posts\/212","targetHints":{"allow":["GET"]}}],"collection":[{"href":"https:\/\/oliver-frick.ch\/wordpress\/index.php\/wp-json\/wp\/v2\/posts"}],"about":[{"href":"https:\/\/oliver-frick.ch\/wordpress\/index.php\/wp-json\/wp\/v2\/types\/post"}],"author":[{"embeddable":true,"href":"https:\/\/oliver-frick.ch\/wordpress\/index.php\/wp-json\/wp\/v2\/users\/1"}],"replies":[{"embeddable":true,"href":"https:\/\/oliver-frick.ch\/wordpress\/index.php\/wp-json\/wp\/v2\/comments?post=212"}],"version-history":[{"count":0,"href":"https:\/\/oliver-frick.ch\/wordpress\/index.php\/wp-json\/wp\/v2\/posts\/212\/revisions"}],"wp:attachment":[{"href":"https:\/\/oliver-frick.ch\/wordpress\/index.php\/wp-json\/wp\/v2\/media?parent=212"}],"wp:term":[{"taxonomy":"category","embeddable":true,"href":"https:\/\/oliver-frick.ch\/wordpress\/index.php\/wp-json\/wp\/v2\/categories?post=212"},{"taxonomy":"post_tag","embeddable":true,"href":"https:\/\/oliver-frick.ch\/wordpress\/index.php\/wp-json\/wp\/v2\/tags?post=212"}],"curies":[{"name":"wp","href":"https:\/\/api.w.org\/{rel}","templated":true}]}}